{"id":94,"date":"2015-07-12T12:53:51","date_gmt":"2015-07-12T11:53:51","guid":{"rendered":"http:\/\/www.ifaplan-institut.de\/?p=94"},"modified":"2015-07-13T18:33:09","modified_gmt":"2015-07-13T17:33:09","slug":"dr-dieter-ellinghaus","status":"publish","type":"post","link":"https:\/\/www.ifaplan-institut.de\/?p=94","title":{"rendered":"Gesch\u00e4ftsf\u00fchrer &#8211; Dr. Dieter Ellinghaus"},"content":{"rendered":"<ul>\n<li>\n<p class=\"western\">Studium der Wirtschafts- und Sozialwissenschaften in K\u00f6ln, Promotion 1969 bei Prof.Ren\u00e9 K\u00f6nig<\/p>\n<\/li>\n<li>\n<p class=\"western\">1973 Lehrbeauftragter an der Universit\u00e4t Marburg<\/p>\n<\/li>\n<li>\n<p class=\"western\">ab 1974 Beratungst\u00e4tigkeit f\u00fcr die Bundesanstalt f\u00fcr Stra\u00dfenwesen und den Bundesminister f\u00fcr Verkehr<\/p>\n<\/li>\n<li>\n<p class=\"western\">1976 Mitbegr\u00fcnder von IFAPLAN\/K\u00f6ln, Institutsdirektor und Leiter des Forschungsbereichs \u201eStra\u00dfenverkehrssicherheit\u201c<\/p>\n<\/li>\n<li>\n<p class=\"western\">von 1978 bis 2006 Initiator und Verfasser der Uniroyal-\/Continental-Verkehrsuntersuchung<\/p>\n<\/li>\n<li>\n<p class=\"western\">1983 Mitbegr\u00fcnder und gesch\u00e4ftsf\u00fchrender Gesellschafter der IFAPLAN S.P.R.L.\/Br\u00fcssel<\/p>\n<\/li>\n<li>\n<p class=\"western\">ab 1987 mehrfache Auszeichnung durch den HUK-Verband mit dem Christophorus-Preis<\/p>\n<\/li>\n<li>\n<p class=\"western\">von 1989 bis 1991 Mitglied der Expertengruppe f\u00fcr europ\u00e4ische Verkehrssicherheitspolitik der EG-Kommission<\/p>\n<\/li>\n<li>\n<p class=\"western\">1993 Mitglied einer von der Weltbank und der Europ\u00e4ischen Gemeinschaft eingesetzten Expertengruppe zur Beratung der Mittel-\/Osteurop\u00e4ischen L\u00e4nder in Verkehrssicherheitsfragen<\/p>\n<\/li>\n<li>\n<p class=\"western\">seit 1995 Berater der \u201eUnion Routi\u00e8re\u201c in Paris<\/p>\n<\/li>\n<li>\n<p class=\"western\">1997 Verleihung des \u201eGoldenen Dieselrings\u201c des Verbands der Motorjournalisten<\/p>\n<\/li>\n<\/ul>\n","protected":false},"excerpt":{"rendered":"<p>Gesch\u00e4ftsf\u00fchrender Gesellschafter<\/p>\n","protected":false},"author":1,"featured_media":0,"comment_status":"closed","ping_status":"closed","sticky":false,"template":"","format":"standard","meta":{"footnotes":""},"categories":[6],"tags":[],"class_list":["post-94","post","type-post","status-publish","format-standard","hentry","category-team"],"_links":{"self":[{"href":"https:\/\/www.ifaplan-institut.de\/index.php?rest_route=\/wp\/v2\/posts\/94","targetHints":{"allow":["GET"]}}],"collection":[{"href":"https:\/\/www.ifaplan-institut.de\/index.php?rest_route=\/wp\/v2\/posts"}],"about":[{"href":"https:\/\/www.ifaplan-institut.de\/index.php?rest_route=\/wp\/v2\/types\/post"}],"author":[{"embeddable":true,"href":"https:\/\/www.ifaplan-institut.de\/index.php?rest_route=\/wp\/v2\/users\/1"}],"replies":[{"embeddable":true,"href":"https:\/\/www.ifaplan-institut.de\/index.php?rest_route=%2Fwp%2Fv2%2Fcomments&post=94"}],"version-history":[{"count":6,"href":"https:\/\/www.ifaplan-institut.de\/index.php?rest_route=\/wp\/v2\/posts\/94\/revisions"}],"predecessor-version":[{"id":110,"href":"https:\/\/www.ifaplan-institut.de\/index.php?rest_route=\/wp\/v2\/posts\/94\/revisions\/110"}],"wp:attachment":[{"href":"https:\/\/www.ifaplan-institut.de\/index.php?rest_route=%2Fwp%2Fv2%2Fmedia&parent=94"}],"wp:term":[{"taxonomy":"category","embeddable":true,"href":"https:\/\/www.ifaplan-institut.de\/index.php?rest_route=%2Fwp%2Fv2%2Fcategories&post=94"},{"taxonomy":"post_tag","embeddable":true,"href":"https:\/\/www.ifaplan-institut.de\/index.php?rest_route=%2Fwp%2Fv2%2Ftags&post=94"}],"curies":[{"name":"wp","href":"https:\/\/api.w.org\/{rel}","templated":true}]}}